{"id":332,"date":"2025-04-20T09:48:45","date_gmt":"2025-04-20T09:48:45","guid":{"rendered":"http:\/\/siedlergemeinschaft-cappeln.de\/?p=332"},"modified":"2025-04-20T10:00:14","modified_gmt":"2025-04-20T10:00:14","slug":"kohlessen-der-siedlergemeinschaft","status":"publish","type":"post","link":"http:\/\/siedlergemeinschaft-cappeln.de\/?p=332","title":{"rendered":"Kohlessen der Siedlergemeinschaft"},"content":{"rendered":"\t\t<div data-elementor-type=\"wp-post\" data-elementor-id=\"332\" class=\"elementor elementor-332\" data-elementor-settings=\"{&quot;ha_cmc_init_switcher&quot;:&quot;no&quot;}\">\n\t\t\t\t\t\t<section class=\"elementor-section elementor-top-section elementor-element elementor-element-276ef06f elementor-section-boxed elementor-section-height-default elementor-section-height-default wpr-particle-no wpr-jarallax-no wpr-parallax-no wpr-sticky-section-no wpr-equal-height-no\" data-id=\"276ef06f\" data-element_type=\"section\" data-e-type=\"section\" data-settings=\"{&quot;background_background&quot;:&quot;classic&quot;,&quot;_ha_eqh_enable&quot;:false}\">\n\t\t\t\t\t\t\t<div class=\"elementor-background-overlay\"><\/div>\n\t\t\t\t\t\t\t<div class=\"elementor-container elementor-column-gap-default\">\n\t\t\t\t\t<div class=\"elementor-column elementor-col-50 elementor-top-column elementor-element elementor-element-74eafa11\" data-id=\"74eafa11\" data-element_type=\"column\" data-e-type=\"column\">\n\t\t\t<div class=\"elementor-widget-wrap elementor-element-populated\">\n\t\t\t\t\t\t<div class=\"elementor-element elementor-element-53875b36 elementor-widget elementor-widget-heading\" data-id=\"53875b36\" data-element_type=\"widget\" data-e-type=\"widget\" data-widget_type=\"heading.default\">\n\t\t\t\t<div class=\"elementor-widget-container\">\n\t\t\t\t\t<h2 class=\"elementor-heading-title elementor-size-default\">Kohlgang der Siedlergemeinschaft Cappeln<\/h2>\t\t\t\t<\/div>\n\t\t\t\t<\/div>\n\t\t\t\t<div class=\"elementor-element elementor-element-326d8dde elementor-widget elementor-widget-text-editor\" data-id=\"326d8dde\" data-element_type=\"widget\" data-e-type=\"widget\" data-widget_type=\"text-editor.default\">\n\t\t\t\t<div class=\"elementor-widget-container\">\n\t\t\t\t\t\t\t\t\t<p>Nach einer gelungenen\u00a0 Bo\u00dfeltour klang das Event\u00a0 in der H\u00fctte von Andy Hackmann mit einem\u00a0 Gr\u00fcnkohl Essen aus.\u00a0<\/p><p>Sehr gefreut haben sich Sonja und Klaus \u00fcber die Wahl zum Gr\u00fcnkohl K\u00f6nigspaar.<br class=\"html-br\" \/><br \/><\/p>\t\t\t\t\t\t\t\t<\/div>\n\t\t\t\t<\/div>\n\t\t\t\t\t<\/div>\n\t\t<\/div>\n\t\t\t\t<div class=\"elementor-column elementor-col-50 elementor-top-column elementor-element elementor-element-33d308\" data-id=\"33d308\" data-element_type=\"column\" data-e-type=\"column\">\n\t\t\t<div class=\"elementor-widget-wrap elementor-element-populated\">\n\t\t\t\t\t\t<div class=\"elementor-element elementor-element-76f8ece5 ha-image-grid--masonry elementor-widget elementor-widget-ha-image-grid happy-addon ha-image-grid\" data-id=\"76f8ece5\" data-element_type=\"widget\" data-e-type=\"widget\" data-settings=\"{&quot;layout&quot;:&quot;masonry&quot;,&quot;enable_popup&quot;:&quot;yes&quot;}\" data-widget_type=\"ha-image-grid.default\">\n\t\t\t\t<div class=\"elementor-widget-container\">\n\t\t\t\t\t\n\t\t<div class=\"ha-image-grid__wrap hajs-isotope ha-lightbox--has\">\n\t\t\t\t\t\t\t\n\t\t\t\t<a href=\"#\" data-mfp-src=\"http:\/\/siedlergemeinschaft-cappeln.de\/wp-content\/uploads\/2025\/04\/WhatsApp-Image-2025-03-07-at-18.19.10-1024x461.jpeg\" class=\"ha-image-grid__item ha-js-lightbox __fltr-1\">\n\t\t\t\t\t<img fetchpriority=\"high\" decoding=\"async\" width=\"750\" height=\"338\" src=\"http:\/\/siedlergemeinschaft-cappeln.de\/wp-content\/uploads\/2025\/04\/WhatsApp-Image-2025-03-07-at-18.19.10-768x346.jpeg\" class=\"elementor-animation-grow\" alt=\"\" srcset=\"http:\/\/siedlergemeinschaft-cappeln.de\/wp-content\/uploads\/2025\/04\/WhatsApp-Image-2025-03-07-at-18.19.10-768x346.jpeg 768w, http:\/\/siedlergemeinschaft-cappeln.de\/wp-content\/uploads\/2025\/04\/WhatsApp-Image-2025-03-07-at-18.19.10-300x135.jpeg 300w, http:\/\/siedlergemeinschaft-cappeln.de\/wp-content\/uploads\/2025\/04\/WhatsApp-Image-2025-03-07-at-18.19.10-1024x461.jpeg 1024w, http:\/\/siedlergemeinschaft-cappeln.de\/wp-content\/uploads\/2025\/04\/WhatsApp-Image-2025-03-07-at-18.19.10-1536x691.jpeg 1536w, http:\/\/siedlergemeinschaft-cappeln.de\/wp-content\/uploads\/2025\/04\/WhatsApp-Image-2025-03-07-at-18.19.10.jpeg 1600w\" sizes=\"(max-width: 750px) 100vw, 750px\" \/>\t\t\t\t<\/a>\n\t\t\t\t\t\t\t\n\t\t\t\t<a href=\"#\" data-mfp-src=\"http:\/\/siedlergemeinschaft-cappeln.de\/wp-content\/uploads\/2025\/04\/WhatsApp-Image-2025-03-08-at-13.29.19-1-768x1024.jpeg\" class=\"ha-image-grid__item ha-js-lightbox __fltr-1\">\n\t\t\t\t\t<img decoding=\"async\" width=\"750\" height=\"1000\" src=\"http:\/\/siedlergemeinschaft-cappeln.de\/wp-content\/uploads\/2025\/04\/WhatsApp-Image-2025-03-08-at-13.29.19-1-768x1024.jpeg\" class=\"elementor-animation-grow\" alt=\"\" srcset=\"http:\/\/siedlergemeinschaft-cappeln.de\/wp-content\/uploads\/2025\/04\/WhatsApp-Image-2025-03-08-at-13.29.19-1-768x1024.jpeg 768w, http:\/\/siedlergemeinschaft-cappeln.de\/wp-content\/uploads\/2025\/04\/WhatsApp-Image-2025-03-08-at-13.29.19-1-225x300.jpeg 225w, http:\/\/siedlergemeinschaft-cappeln.de\/wp-content\/uploads\/2025\/04\/WhatsApp-Image-2025-03-08-at-13.29.19-1-1152x1536.jpeg 1152w, http:\/\/siedlergemeinschaft-cappeln.de\/wp-content\/uploads\/2025\/04\/WhatsApp-Image-2025-03-08-at-13.29.19-1.jpeg 1200w\" sizes=\"(max-width: 750px) 100vw, 750px\" \/>\t\t\t\t<\/a>\n\t\t\t\t\t\t\t\n\t\t\t\t<a href=\"#\" data-mfp-src=\"http:\/\/siedlergemeinschaft-cappeln.de\/wp-content\/uploads\/2025\/04\/WhatsApp-Image-2025-03-08-at-13.29.19-2-768x1024.jpeg\" class=\"ha-image-grid__item ha-js-lightbox __fltr-1\">\n\t\t\t\t\t<img decoding=\"async\" width=\"750\" height=\"1000\" src=\"http:\/\/siedlergemeinschaft-cappeln.de\/wp-content\/uploads\/2025\/04\/WhatsApp-Image-2025-03-08-at-13.29.19-2-768x1024.jpeg\" class=\"elementor-animation-grow\" alt=\"\" srcset=\"http:\/\/siedlergemeinschaft-cappeln.de\/wp-content\/uploads\/2025\/04\/WhatsApp-Image-2025-03-08-at-13.29.19-2-768x1024.jpeg 768w, http:\/\/siedlergemeinschaft-cappeln.de\/wp-content\/uploads\/2025\/04\/WhatsApp-Image-2025-03-08-at-13.29.19-2-225x300.jpeg 225w, http:\/\/siedlergemeinschaft-cappeln.de\/wp-content\/uploads\/2025\/04\/WhatsApp-Image-2025-03-08-at-13.29.19-2-1152x1536.jpeg 1152w, http:\/\/siedlergemeinschaft-cappeln.de\/wp-content\/uploads\/2025\/04\/WhatsApp-Image-2025-03-08-at-13.29.19-2.jpeg 1200w\" sizes=\"(max-width: 750px) 100vw, 750px\" \/>\t\t\t\t<\/a>\n\t\t\t\t\t\t\t\n\t\t\t\t<a href=\"#\" data-mfp-src=\"http:\/\/siedlergemeinschaft-cappeln.de\/wp-content\/uploads\/2025\/04\/WhatsApp-Image-2025-03-08-at-13.29.19-768x1024.jpeg\" class=\"ha-image-grid__item ha-js-lightbox __fltr-1\">\n\t\t\t\t\t<img loading=\"lazy\" decoding=\"async\" width=\"750\" height=\"1000\" src=\"http:\/\/siedlergemeinschaft-cappeln.de\/wp-content\/uploads\/2025\/04\/WhatsApp-Image-2025-03-08-at-13.29.19-768x1024.jpeg\" class=\"elementor-animation-grow\" alt=\"\" srcset=\"http:\/\/siedlergemeinschaft-cappeln.de\/wp-content\/uploads\/2025\/04\/WhatsApp-Image-2025-03-08-at-13.29.19-768x1024.jpeg 768w, http:\/\/siedlergemeinschaft-cappeln.de\/wp-content\/uploads\/2025\/04\/WhatsApp-Image-2025-03-08-at-13.29.19-225x300.jpeg 225w, http:\/\/siedlergemeinschaft-cappeln.de\/wp-content\/uploads\/2025\/04\/WhatsApp-Image-2025-03-08-at-13.29.19-1152x1536.jpeg 1152w, http:\/\/siedlergemeinschaft-cappeln.de\/wp-content\/uploads\/2025\/04\/WhatsApp-Image-2025-03-08-at-13.29.19.jpeg 1200w\" sizes=\"(max-width: 750px) 100vw, 750px\" \/>\t\t\t\t<\/a>\n\t\t\t\t\t<\/div>\n\n\t\t\t\t\t\t<\/div>\n\t\t\t\t<\/div>\n\t\t\t\t\t<\/div>\n\t\t<\/div>\n\t\t\t\t\t<\/div>\n\t\t<\/section>\n\t\t\t\t<\/div>\n\t\t","protected":false},"excerpt":{"rendered":"<p>Kohlgang der Siedlergemeinschaft Cappeln Nach einer gelungenen\u00a0 Bo\u00dfeltour klang das Event\u00a0 in der H\u00fctte von Andy Hackmann mit einem\u00a0 Gr\u00fcnkohl<\/p>\n","protected":false},"author":1,"featured_media":339,"comment_status":"closed","ping_status":"closed","sticky":false,"template":"","format":"standard","meta":{"footnotes":""},"categories":[9],"tags":[],"class_list":["post-332","post","type-post","status-publish","format-standard","has-post-thumbnail","hentry","category-gruenkohlessen"],"yoast_head":"<!-- This site is optimized with the Yoast SEO plugin v27.5 - https:\/\/yoast.com\/product\/yoast-seo-wordpress\/ -->\n<title>Kohlessen der Siedlergemeinschaft - siedlergemeinschaft-cappeln<\/title>\n<meta name=\"robots\" content=\"index, follow, max-snippet:-1, max-image-preview:large, max-video-preview:-1\" \/>\n<link rel=\"canonical\" href=\"http:\/\/siedlergemeinschaft-cappeln.de\/?p=332\" \/>\n<meta property=\"og:locale\" content=\"de_DE\" \/>\n<meta property=\"og:type\" content=\"article\" \/>\n<meta property=\"og:title\" content=\"Kohlessen der Siedlergemeinschaft - siedlergemeinschaft-cappeln\" \/>\n<meta property=\"og:description\" content=\"Kohlgang der Siedlergemeinschaft Cappeln Nach einer gelungenen\u00a0 Bo\u00dfeltour klang das Event\u00a0 in der H\u00fctte von Andy Hackmann mit einem\u00a0 Gr\u00fcnkohl\" \/>\n<meta property=\"og:url\" content=\"http:\/\/siedlergemeinschaft-cappeln.de\/?p=332\" \/>\n<meta property=\"og:site_name\" content=\"siedlergemeinschaft-cappeln\" \/>\n<meta property=\"article:published_time\" content=\"2025-04-20T09:48:45+00:00\" \/>\n<meta property=\"article:modified_time\" content=\"2025-04-20T10:00:14+00:00\" \/>\n<meta property=\"og:image\" content=\"http:\/\/siedlergemeinschaft-cappeln.de\/wp-content\/uploads\/2025\/04\/WhatsApp-Image-2025-03-07-at-18.19.10.jpeg\" \/>\n\t<meta property=\"og:image:width\" content=\"1600\" \/>\n\t<meta property=\"og:image:height\" content=\"720\" \/>\n\t<meta property=\"og:image:type\" content=\"image\/jpeg\" \/>\n<meta name=\"author\" content=\"admin\" \/>\n<meta name=\"twitter:card\" content=\"summary_large_image\" \/>\n<meta name=\"twitter:label1\" content=\"Verfasst von\" \/>\n\t<meta name=\"twitter:data1\" content=\"admin\" \/>\n\t<meta name=\"twitter:label2\" content=\"Gesch\u00e4tzte Lesezeit\" \/>\n\t<meta name=\"twitter:data2\" content=\"2\u00a0Minuten\" \/>\n<script type=\"application\/ld+json\" class=\"yoast-schema-graph\">{\"@context\":\"https:\\\/\\\/schema.org\",\"@graph\":[{\"@type\":\"Article\",\"@id\":\"http:\\\/\\\/siedlergemeinschaft-cappeln.de\\\/?p=332#article\",\"isPartOf\":{\"@id\":\"http:\\\/\\\/siedlergemeinschaft-cappeln.de\\\/?p=332\"},\"author\":{\"name\":\"admin\",\"@id\":\"http:\\\/\\\/siedlergemeinschaft-cappeln.de\\\/#\\\/schema\\\/person\\\/da14cc2dfdcf87afc0e6f956c1e0102b\"},\"headline\":\"Kohlessen der Siedlergemeinschaft\",\"datePublished\":\"2025-04-20T09:48:45+00:00\",\"dateModified\":\"2025-04-20T10:00:14+00:00\",\"mainEntityOfPage\":{\"@id\":\"http:\\\/\\\/siedlergemeinschaft-cappeln.de\\\/?p=332\"},\"wordCount\":43,\"publisher\":{\"@id\":\"http:\\\/\\\/siedlergemeinschaft-cappeln.de\\\/#organization\"},\"image\":{\"@id\":\"http:\\\/\\\/siedlergemeinschaft-cappeln.de\\\/?p=332#primaryimage\"},\"thumbnailUrl\":\"http:\\\/\\\/siedlergemeinschaft-cappeln.de\\\/wp-content\\\/uploads\\\/2025\\\/04\\\/WhatsApp-Image-2025-03-07-at-18.19.10.jpeg\",\"articleSection\":[\"Gr\u00fcnkohlessen\"],\"inLanguage\":\"de\"},{\"@type\":\"WebPage\",\"@id\":\"http:\\\/\\\/siedlergemeinschaft-cappeln.de\\\/?p=332\",\"url\":\"http:\\\/\\\/siedlergemeinschaft-cappeln.de\\\/?p=332\",\"name\":\"Kohlessen der Siedlergemeinschaft - siedlergemeinschaft-cappeln\",\"isPartOf\":{\"@id\":\"http:\\\/\\\/siedlergemeinschaft-cappeln.de\\\/#website\"},\"primaryImageOfPage\":{\"@id\":\"http:\\\/\\\/siedlergemeinschaft-cappeln.de\\\/?p=332#primaryimage\"},\"image\":{\"@id\":\"http:\\\/\\\/siedlergemeinschaft-cappeln.de\\\/?p=332#primaryimage\"},\"thumbnailUrl\":\"http:\\\/\\\/siedlergemeinschaft-cappeln.de\\\/wp-content\\\/uploads\\\/2025\\\/04\\\/WhatsApp-Image-2025-03-07-at-18.19.10.jpeg\",\"datePublished\":\"2025-04-20T09:48:45+00:00\",\"dateModified\":\"2025-04-20T10:00:14+00:00\",\"breadcrumb\":{\"@id\":\"http:\\\/\\\/siedlergemeinschaft-cappeln.de\\\/?p=332#breadcrumb\"},\"inLanguage\":\"de\",\"potentialAction\":[{\"@type\":\"ReadAction\",\"target\":[\"http:\\\/\\\/siedlergemeinschaft-cappeln.de\\\/?p=332\"]}]},{\"@type\":\"ImageObject\",\"inLanguage\":\"de\",\"@id\":\"http:\\\/\\\/siedlergemeinschaft-cappeln.de\\\/?p=332#primaryimage\",\"url\":\"http:\\\/\\\/siedlergemeinschaft-cappeln.de\\\/wp-content\\\/uploads\\\/2025\\\/04\\\/WhatsApp-Image-2025-03-07-at-18.19.10.jpeg\",\"contentUrl\":\"http:\\\/\\\/siedlergemeinschaft-cappeln.de\\\/wp-content\\\/uploads\\\/2025\\\/04\\\/WhatsApp-Image-2025-03-07-at-18.19.10.jpeg\",\"width\":1600,\"height\":720},{\"@type\":\"BreadcrumbList\",\"@id\":\"http:\\\/\\\/siedlergemeinschaft-cappeln.de\\\/?p=332#breadcrumb\",\"itemListElement\":[{\"@type\":\"ListItem\",\"position\":1,\"name\":\"Startseite\",\"item\":\"http:\\\/\\\/siedlergemeinschaft-cappeln.de\\\/\"},{\"@type\":\"ListItem\",\"position\":2,\"name\":\"Kohlessen der Siedlergemeinschaft\"}]},{\"@type\":\"WebSite\",\"@id\":\"http:\\\/\\\/siedlergemeinschaft-cappeln.de\\\/#website\",\"url\":\"http:\\\/\\\/siedlergemeinschaft-cappeln.de\\\/\",\"name\":\"siedlergemeinschaft-cappeln\",\"description\":\"\",\"publisher\":{\"@id\":\"http:\\\/\\\/siedlergemeinschaft-cappeln.de\\\/#organization\"},\"potentialAction\":[{\"@type\":\"SearchAction\",\"target\":{\"@type\":\"EntryPoint\",\"urlTemplate\":\"http:\\\/\\\/siedlergemeinschaft-cappeln.de\\\/?s={search_term_string}\"},\"query-input\":{\"@type\":\"PropertyValueSpecification\",\"valueRequired\":true,\"valueName\":\"search_term_string\"}}],\"inLanguage\":\"de\"},{\"@type\":\"Organization\",\"@id\":\"http:\\\/\\\/siedlergemeinschaft-cappeln.de\\\/#organization\",\"name\":\"siedlergemeinschaft-cappeln\",\"url\":\"http:\\\/\\\/siedlergemeinschaft-cappeln.de\\\/\",\"logo\":{\"@type\":\"ImageObject\",\"inLanguage\":\"de\",\"@id\":\"http:\\\/\\\/siedlergemeinschaft-cappeln.de\\\/#\\\/schema\\\/logo\\\/image\\\/\",\"url\":\"http:\\\/\\\/siedlergemeinschaft-cappeln.de\\\/wp-content\\\/uploads\\\/2024\\\/05\\\/cropped-headermeu-1.jpg\",\"contentUrl\":\"http:\\\/\\\/siedlergemeinschaft-cappeln.de\\\/wp-content\\\/uploads\\\/2024\\\/05\\\/cropped-headermeu-1.jpg\",\"width\":926,\"height\":349,\"caption\":\"siedlergemeinschaft-cappeln\"},\"image\":{\"@id\":\"http:\\\/\\\/siedlergemeinschaft-cappeln.de\\\/#\\\/schema\\\/logo\\\/image\\\/\"}},{\"@type\":\"Person\",\"@id\":\"http:\\\/\\\/siedlergemeinschaft-cappeln.de\\\/#\\\/schema\\\/person\\\/da14cc2dfdcf87afc0e6f956c1e0102b\",\"name\":\"admin\",\"image\":{\"@type\":\"ImageObject\",\"inLanguage\":\"de\",\"@id\":\"https:\\\/\\\/secure.gravatar.com\\\/avatar\\\/6e24cd005f7167543fe602651042c921eb479746f970693c0ced7d00394ec17e?s=96&d=mm&r=g\",\"url\":\"https:\\\/\\\/secure.gravatar.com\\\/avatar\\\/6e24cd005f7167543fe602651042c921eb479746f970693c0ced7d00394ec17e?s=96&d=mm&r=g\",\"contentUrl\":\"https:\\\/\\\/secure.gravatar.com\\\/avatar\\\/6e24cd005f7167543fe602651042c921eb479746f970693c0ced7d00394ec17e?s=96&d=mm&r=g\",\"caption\":\"admin\"},\"sameAs\":[\"http:\\\/\\\/siedlergemeinschaft-cappeln.de\"],\"url\":\"http:\\\/\\\/siedlergemeinschaft-cappeln.de\\\/?author=1\"}]}<\/script>\n<!-- \/ Yoast SEO plugin. -->","yoast_head_json":{"title":"Kohlessen der Siedlergemeinschaft - siedlergemeinschaft-cappeln","robots":{"index":"index","follow":"follow","max-snippet":"max-snippet:-1","max-image-preview":"max-image-preview:large","max-video-preview":"max-video-preview:-1"},"canonical":"http:\/\/siedlergemeinschaft-cappeln.de\/?p=332","og_locale":"de_DE","og_type":"article","og_title":"Kohlessen der Siedlergemeinschaft - siedlergemeinschaft-cappeln","og_description":"Kohlgang der Siedlergemeinschaft Cappeln Nach einer gelungenen\u00a0 Bo\u00dfeltour klang das Event\u00a0 in der H\u00fctte von Andy Hackmann mit einem\u00a0 Gr\u00fcnkohl","og_url":"http:\/\/siedlergemeinschaft-cappeln.de\/?p=332","og_site_name":"siedlergemeinschaft-cappeln","article_published_time":"2025-04-20T09:48:45+00:00","article_modified_time":"2025-04-20T10:00:14+00:00","og_image":[{"width":1600,"height":720,"url":"http:\/\/siedlergemeinschaft-cappeln.de\/wp-content\/uploads\/2025\/04\/WhatsApp-Image-2025-03-07-at-18.19.10.jpeg","type":"image\/jpeg"}],"author":"admin","twitter_card":"summary_large_image","twitter_misc":{"Verfasst von":"admin","Gesch\u00e4tzte Lesezeit":"2\u00a0Minuten"},"schema":{"@context":"https:\/\/schema.org","@graph":[{"@type":"Article","@id":"http:\/\/siedlergemeinschaft-cappeln.de\/?p=332#article","isPartOf":{"@id":"http:\/\/siedlergemeinschaft-cappeln.de\/?p=332"},"author":{"name":"admin","@id":"http:\/\/siedlergemeinschaft-cappeln.de\/#\/schema\/person\/da14cc2dfdcf87afc0e6f956c1e0102b"},"headline":"Kohlessen der Siedlergemeinschaft","datePublished":"2025-04-20T09:48:45+00:00","dateModified":"2025-04-20T10:00:14+00:00","mainEntityOfPage":{"@id":"http:\/\/siedlergemeinschaft-cappeln.de\/?p=332"},"wordCount":43,"publisher":{"@id":"http:\/\/siedlergemeinschaft-cappeln.de\/#organization"},"image":{"@id":"http:\/\/siedlergemeinschaft-cappeln.de\/?p=332#primaryimage"},"thumbnailUrl":"http:\/\/siedlergemeinschaft-cappeln.de\/wp-content\/uploads\/2025\/04\/WhatsApp-Image-2025-03-07-at-18.19.10.jpeg","articleSection":["Gr\u00fcnkohlessen"],"inLanguage":"de"},{"@type":"WebPage","@id":"http:\/\/siedlergemeinschaft-cappeln.de\/?p=332","url":"http:\/\/siedlergemeinschaft-cappeln.de\/?p=332","name":"Kohlessen der Siedlergemeinschaft - siedlergemeinschaft-cappeln","isPartOf":{"@id":"http:\/\/siedlergemeinschaft-cappeln.de\/#website"},"primaryImageOfPage":{"@id":"http:\/\/siedlergemeinschaft-cappeln.de\/?p=332#primaryimage"},"image":{"@id":"http:\/\/siedlergemeinschaft-cappeln.de\/?p=332#primaryimage"},"thumbnailUrl":"http:\/\/siedlergemeinschaft-cappeln.de\/wp-content\/uploads\/2025\/04\/WhatsApp-Image-2025-03-07-at-18.19.10.jpeg","datePublished":"2025-04-20T09:48:45+00:00","dateModified":"2025-04-20T10:00:14+00:00","breadcrumb":{"@id":"http:\/\/siedlergemeinschaft-cappeln.de\/?p=332#breadcrumb"},"inLanguage":"de","potentialAction":[{"@type":"ReadAction","target":["http:\/\/siedlergemeinschaft-cappeln.de\/?p=332"]}]},{"@type":"ImageObject","inLanguage":"de","@id":"http:\/\/siedlergemeinschaft-cappeln.de\/?p=332#primaryimage","url":"http:\/\/siedlergemeinschaft-cappeln.de\/wp-content\/uploads\/2025\/04\/WhatsApp-Image-2025-03-07-at-18.19.10.jpeg","contentUrl":"http:\/\/siedlergemeinschaft-cappeln.de\/wp-content\/uploads\/2025\/04\/WhatsApp-Image-2025-03-07-at-18.19.10.jpeg","width":1600,"height":720},{"@type":"BreadcrumbList","@id":"http:\/\/siedlergemeinschaft-cappeln.de\/?p=332#breadcrumb","itemListElement":[{"@type":"ListItem","position":1,"name":"Startseite","item":"http:\/\/siedlergemeinschaft-cappeln.de\/"},{"@type":"ListItem","position":2,"name":"Kohlessen der Siedlergemeinschaft"}]},{"@type":"WebSite","@id":"http:\/\/siedlergemeinschaft-cappeln.de\/#website","url":"http:\/\/siedlergemeinschaft-cappeln.de\/","name":"siedlergemeinschaft-cappeln","description":"","publisher":{"@id":"http:\/\/siedlergemeinschaft-cappeln.de\/#organization"},"potentialAction":[{"@type":"SearchAction","target":{"@type":"EntryPoint","urlTemplate":"http:\/\/siedlergemeinschaft-cappeln.de\/?s={search_term_string}"},"query-input":{"@type":"PropertyValueSpecification","valueRequired":true,"valueName":"search_term_string"}}],"inLanguage":"de"},{"@type":"Organization","@id":"http:\/\/siedlergemeinschaft-cappeln.de\/#organization","name":"siedlergemeinschaft-cappeln","url":"http:\/\/siedlergemeinschaft-cappeln.de\/","logo":{"@type":"ImageObject","inLanguage":"de","@id":"http:\/\/siedlergemeinschaft-cappeln.de\/#\/schema\/logo\/image\/","url":"http:\/\/siedlergemeinschaft-cappeln.de\/wp-content\/uploads\/2024\/05\/cropped-headermeu-1.jpg","contentUrl":"http:\/\/siedlergemeinschaft-cappeln.de\/wp-content\/uploads\/2024\/05\/cropped-headermeu-1.jpg","width":926,"height":349,"caption":"siedlergemeinschaft-cappeln"},"image":{"@id":"http:\/\/siedlergemeinschaft-cappeln.de\/#\/schema\/logo\/image\/"}},{"@type":"Person","@id":"http:\/\/siedlergemeinschaft-cappeln.de\/#\/schema\/person\/da14cc2dfdcf87afc0e6f956c1e0102b","name":"admin","image":{"@type":"ImageObject","inLanguage":"de","@id":"https:\/\/secure.gravatar.com\/avatar\/6e24cd005f7167543fe602651042c921eb479746f970693c0ced7d00394ec17e?s=96&d=mm&r=g","url":"https:\/\/secure.gravatar.com\/avatar\/6e24cd005f7167543fe602651042c921eb479746f970693c0ced7d00394ec17e?s=96&d=mm&r=g","contentUrl":"https:\/\/secure.gravatar.com\/avatar\/6e24cd005f7167543fe602651042c921eb479746f970693c0ced7d00394ec17e?s=96&d=mm&r=g","caption":"admin"},"sameAs":["http:\/\/siedlergemeinschaft-cappeln.de"],"url":"http:\/\/siedlergemeinschaft-cappeln.de\/?author=1"}]}},"_links":{"self":[{"href":"http:\/\/siedlergemeinschaft-cappeln.de\/index.php?rest_route=\/wp\/v2\/posts\/332","targetHints":{"allow":["GET"]}}],"collection":[{"href":"http:\/\/siedlergemeinschaft-cappeln.de\/index.php?rest_route=\/wp\/v2\/posts"}],"about":[{"href":"http:\/\/siedlergemeinschaft-cappeln.de\/index.php?rest_route=\/wp\/v2\/types\/post"}],"author":[{"embeddable":true,"href":"http:\/\/siedlergemeinschaft-cappeln.de\/index.php?rest_route=\/wp\/v2\/users\/1"}],"replies":[{"embeddable":true,"href":"http:\/\/siedlergemeinschaft-cappeln.de\/index.php?rest_route=%2Fwp%2Fv2%2Fcomments&post=332"}],"version-history":[{"count":4,"href":"http:\/\/siedlergemeinschaft-cappeln.de\/index.php?rest_route=\/wp\/v2\/posts\/332\/revisions"}],"predecessor-version":[{"id":342,"href":"http:\/\/siedlergemeinschaft-cappeln.de\/index.php?rest_route=\/wp\/v2\/posts\/332\/revisions\/342"}],"wp:featuredmedia":[{"embeddable":true,"href":"http:\/\/siedlergemeinschaft-cappeln.de\/index.php?rest_route=\/wp\/v2\/media\/339"}],"wp:attachment":[{"href":"http:\/\/siedlergemeinschaft-cappeln.de\/index.php?rest_route=%2Fwp%2Fv2%2Fmedia&parent=332"}],"wp:term":[{"taxonomy":"category","embeddable":true,"href":"http:\/\/siedlergemeinschaft-cappeln.de\/index.php?rest_route=%2Fwp%2Fv2%2Fcategories&post=332"},{"taxonomy":"post_tag","embeddable":true,"href":"http:\/\/siedlergemeinschaft-cappeln.de\/index.php?rest_route=%2Fwp%2Fv2%2Ftags&post=332"}],"curies":[{"name":"wp","href":"https:\/\/api.w.org\/{rel}","templated":true}]}}